{"id":982,"date":"2010-12-21T18:39:37","date_gmt":"2010-12-21T18:39:37","guid":{"rendered":"http:\/\/www.vendiauto.com\/blog\/?p=982"},"modified":"2016-09-14T14:59:18","modified_gmt":"2016-09-14T13:59:18","slug":"nuova-lancia-thema-su-base-nuova-chrysler-300","status":"publish","type":"post","link":"https:\/\/vendiauto.com\/blog\/nuova-lancia-thema-su-base-nuova-chrysler-300-2010","title":{"rendered":"Nuova Lancia Thema su base nuova Chrysler 300?"},"content":{"rendered":"\n<!-- Quick Adsense WordPress Plugin: http:\/\/quickadsense.com\/ -->\n<div style=\"float: none; margin:10px 0 10px 0; text-align:center;\">\n<!--leonative-->\r\n<!-- 5x1 -->\r\n<div id='div-gpt-ad-5x1-0' class='div-gpt-ad div-gpt-ad-inread'>\r\n<script type='text\/javascript'>\r\ngoogletag.cmd.push(function() { googletag.display('div-gpt-ad-5x1-0'); });\r\n<\/script>\r\n<\/div>\n<\/div>\n<p style=\"text-align: center;\"><a href=\"http:\/\/www.vendiauto.com\/blog\/wp-content\/uploads\/2010\/12\/ca58f_NuovaChrysler300C_01.jpg\"><img loading=\"lazy\" class=\"aligncenter size-full wp-image-983\" style=\"border: 1px solid black;\" src=\"http:\/\/www.vendiauto.com\/blog\/wp-content\/uploads\/2010\/12\/ca58f_NuovaChrysler300C_01.jpg\" alt=\"\" width=\"536\" height=\"326\" \/><\/a><\/p>\n<p>Il matrimonio Fiat-Chrysler \u00e8 gi\u00e0 avvenuto per cui ora si aspettano i primi risultati di questa nuova unione e proprio in questo senso potremmo vedere la nascita della futura Lancia Thema (se questo glorioso nome verr\u00e0 confermato) sulla base della nuova Chrysler 300.<\/p>\n<p><!--more--><\/p>\n<p>Infatti proprio in questi giorni Chrysler ha diramato le nuove immagini della sua ammiraglia che sar\u00e0 presentata in via ufficiale al prossimo Salone di Detroit in programma a Gennaio 2011. Il vestito della nuova 300 \u00e8 pi\u00f9 elegante e pi\u00f9 sobrio della 300C che va a sostituire, con una linea pi\u00f9 filante grazie a nuove soluzioni (per esempio parabrezza arretrato di qualche centimetro e fari anteriori pi\u00f9 sottili) atte proprio a snellire la linea della precedente versione.<\/p>\n<p>E proprio dalla nuova Chrysler 300 dovrebbe nascere quella che sar\u00e0 la nuova Lancia Thema degli anni a venire: infatti la 300 praticamente dovrebbe essere spogliata di tutti i marchi americani e dovrebbe fregiarsi del\u00a0 marchio Lancia per poi essere presentata al Salone di Ginevra a Marzo 2011 ed essere successivamente commercializzata in Italia ed in Europa.<\/p>\n<p>Sul fronte motori la scelta ricadrebbe sul classico V6 americano Pentastar alimentato a benzina da 300cv e su un V6 alimentato a gasolio 3.000 di cilindrata. Per quanto concerne lo schema meccanico, chiaramente la \u201cThema\u201d manterr\u00e0 l\u2019impostazione originale Chrysler, ossia motore anteriore e trazione posteriore.<\/p>\n<p>Chiss\u00e0 se questo matrimonio dar\u00e0 buoni frutti? Voi cosa ne pensate di questa comunione di modelli per due case cos\u00ec distinte?<\/p>\n\n<div style=\"font-size: 0px; height: 0px; line-height: 0px; margin: 0; padding: 0; clear: both;\"><\/div><!-- Begin Yuzo --><div class='yuzo_related_post style-1'  data-version='5.12.88'><!-- without result --><div class='yuzo_clearfixed yuzo__title yuzo__title'><h2>Potrebbe anche Interessarti <\/h2><\/div>\n\t\t\t\t\t\t  <div class=\"relatedthumb \" style=\"width:125px;float:left;overflow:hidden;\">  \n\t\t\t\t\t\t\t  \n\t\t\t\t\t\t\t  <a  href=\"https:\/\/vendiauto.com\/blog\/gta-spano-2010\"  >\n\t\t\t\t\t\t\t\t\t  <div class=\"yuzo-img-wrap \" style=\"width: 125px;height:90px;\">\n\t\t\t\t\t\t\t\t\t\t\n\t\t\t\t\t\t\t\t\t\t<div class=\"yuzo-img\" style=\"background:url('https:\/\/vendiauto.com\/blog\/wp-content\/uploads\/2010\/12\/spano-150x150.jpg') 50% 50% no-repeat;width: 125px;height:90px;margin-bottom: 5px;background-size: cover; \"><\/div>\n\t\t\t\t\t\t\t\t\t  <\/div>\n\t\t\t\t\t\t\t\t\t  \n\t\t\t\t\t\t\t\t   <span class=\"yuzo__text--title\" style=\"font-size:13px;\">Gta Spano<\/span>\n\t\t\t\t\t\t\t  \n\t\t\t\t\t\t\t  \n\t\t\t\t\t\t\t  <\/a>\n\n\t\t\t\t\t\t  <\/div>\n\t\t\t\t\t\t  <div class=\"relatedthumb \" style=\"width:125px;float:left;overflow:hidden;\">  \n\t\t\t\t\t\t\t  \n\t\t\t\t\t\t\t  <a  href=\"https:\/\/vendiauto.com\/blog\/skoda-ecco-la-nuova-superb-2013\"  >\n\t\t\t\t\t\t\t\t\t  <div class=\"yuzo-img-wrap \" style=\"width: 125px;height:90px;\">\n\t\t\t\t\t\t\t\t\t\t\n\t\t\t\t\t\t\t\t\t\t<div class=\"yuzo-img\" style=\"background:url('https:\/\/vendiauto.com\/blog\/wp-content\/uploads\/2013\/04\/un-profondo-rinnovamento-per-l-ammiraglia-skoda-la-nuova-superb-005-superb-interior-150x150.jpg') 50% 50% no-repeat;width: 125px;height:90px;margin-bottom: 5px;background-size: cover; \"><\/div>\n\t\t\t\t\t\t\t\t\t  <\/div>\n\t\t\t\t\t\t\t\t\t  \n\t\t\t\t\t\t\t\t   <span class=\"yuzo__text--title\" style=\"font-size:13px;\">SKODA: ecco la nuova Superb<\/span>\n\t\t\t\t\t\t\t  \n\t\t\t\t\t\t\t  \n\t\t\t\t\t\t\t  <\/a>\n\n\t\t\t\t\t\t  <\/div>\n\t\t\t\t\t\t  <div class=\"relatedthumb \" style=\"width:125px;float:left;overflow:hidden;\">  \n\t\t\t\t\t\t\t  \n\t\t\t\t\t\t\t  <a  href=\"https:\/\/vendiauto.com\/blog\/una-porsche-anti-ferrari-lannuncio-del-ceo-della-casa-tedesca-2015\"  >\n\t\t\t\t\t\t\t\t\t  <div class=\"yuzo-img-wrap \" style=\"width: 125px;height:90px;\">\n\t\t\t\t\t\t\t\t\t\t\n\t\t\t\t\t\t\t\t\t\t<div class=\"yuzo-img\" style=\"background:url('https:\/\/vendiauto.com\/blog\/wp-content\/uploads\/2015\/03\/Porsche-150x150.jpg') 50% 50% no-repeat;width: 125px;height:90px;margin-bottom: 5px;background-size: cover; \"><\/div>\n\t\t\t\t\t\t\t\t\t  <\/div>\n\t\t\t\t\t\t\t\t\t  \n\t\t\t\t\t\t\t\t   <span class=\"yuzo__text--title\" style=\"font-size:13px;\">Una Porsche anti-Ferrari: l\u2019annuncio del Ceo...<\/span>\n\t\t\t\t\t\t\t  \n\t\t\t\t\t\t\t  \n\t\t\t\t\t\t\t  <\/a>\n\n\t\t\t\t\t\t  <\/div>\n\t\t\t\t\t\t  <div class=\"relatedthumb \" style=\"width:125px;float:left;overflow:hidden;\">  \n\t\t\t\t\t\t\t  \n\t\t\t\t\t\t\t  <a  href=\"https:\/\/vendiauto.com\/blog\/al-salone-di-parigi-la-nuova-audi-rs5-cabriolet-2012\"  >\n\t\t\t\t\t\t\t\t\t  <div class=\"yuzo-img-wrap \" style=\"width: 125px;height:90px;\">\n\t\t\t\t\t\t\t\t\t\t\n\t\t\t\t\t\t\t\t\t\t<div class=\"yuzo-img\" style=\"background:url('https:\/\/vendiauto.com\/blog\/wp-content\/uploads\/2012\/09\/audirs5cabrio_-_01audirs_692012_1-150x150.jpg') 50% 50% no-repeat;width: 125px;height:90px;margin-bottom: 5px;background-size: cover; \"><\/div>\n\t\t\t\t\t\t\t\t\t  <\/div>\n\t\t\t\t\t\t\t\t\t  \n\t\t\t\t\t\t\t\t   <span class=\"yuzo__text--title\" style=\"font-size:13px;\">Al Salone di Parigi la nuova Audi RS5 Cabriolet<\/span>\n\t\t\t\t\t\t\t  \n\t\t\t\t\t\t\t  \n\t\t\t\t\t\t\t  <\/a>\n\n\t\t\t\t\t\t  <\/div>\n<\/div> <script>\n\t\t\t\t\t\t  jQuery(document).ready(function( $ ){\n\t\t\t\t\t\t\t\/\/jQuery('.yuzo_related_post').equalizer({ overflow : 'relatedthumb' });\n\t\t\t\t\t\t\tjQuery('.yuzo_related_post .yuzo_wraps').equalizer({ columns : '> div' });\n\t\t\t\t\t\t   })\n\t\t\t\t\t\t  <\/script> <!-- End Yuzo :) -->","protected":false},"excerpt":{"rendered":"<p>Il matrimonio Fiat-Chrysler \u00e8 gi\u00e0 avvenuto per cui ora si aspettano i primi risultati di questa nuova unione e proprio in questo senso potremmo vedere la nascita della futura Lancia Thema (se questo glorioso nome verr\u00e0 confermato) sulla base della nuova Chrysler 300. Potrebbe anche Interessarti Bmw pensa ad una Serie 1 berlina\u2026con la coda&#8230; [&hellip;]<\/p>\n","protected":false},"author":3,"featured_media":0,"comment_status":"open","ping_status":"open","sticky":false,"template":"","format":"standard","meta":[],"categories":[2110],"tags":[226,228,227],"_links":{"self":[{"href":"https:\/\/vendiauto.com\/blog\/wp-json\/wp\/v2\/posts\/982"}],"collection":[{"href":"https:\/\/vendiauto.com\/blog\/wp-json\/wp\/v2\/posts"}],"about":[{"href":"https:\/\/vendiauto.com\/blog\/wp-json\/wp\/v2\/types\/post"}],"author":[{"embeddable":true,"href":"https:\/\/vendiauto.com\/blog\/wp-json\/wp\/v2\/users\/3"}],"replies":[{"embeddable":true,"href":"https:\/\/vendiauto.com\/blog\/wp-json\/wp\/v2\/comments?post=982"}],"version-history":[{"count":1,"href":"https:\/\/vendiauto.com\/blog\/wp-json\/wp\/v2\/posts\/982\/revisions"}],"predecessor-version":[{"id":12657,"href":"https:\/\/vendiauto.com\/blog\/wp-json\/wp\/v2\/posts\/982\/revisions\/12657"}],"wp:attachment":[{"href":"https:\/\/vendiauto.com\/blog\/wp-json\/wp\/v2\/media?parent=982"}],"wp:term":[{"taxonomy":"category","embeddable":true,"href":"https:\/\/vendiauto.com\/blog\/wp-json\/wp\/v2\/categories?post=982"},{"taxonomy":"post_tag","embeddable":true,"href":"https:\/\/vendiauto.com\/blog\/wp-json\/wp\/v2\/tags?post=982"}],"curies":[{"name":"wp","href":"https:\/\/api.w.org\/{rel}","templated":true}]}}