{"id":985,"date":"2010-12-22T15:01:53","date_gmt":"2010-12-22T15:01:53","guid":{"rendered":"http:\/\/www.vendiauto.com\/blog\/?p=985"},"modified":"2016-09-14T14:59:16","modified_gmt":"2016-09-14T13:59:16","slug":"nuova-ferrari-612-scaglietti","status":"publish","type":"post","link":"https:\/\/vendiauto.com\/blog\/nuova-ferrari-612-scaglietti-2010","title":{"rendered":"Nuova Ferrari 612 Scaglietti?"},"content":{"rendered":"\n<!-- Quick Adsense WordPress Plugin: http:\/\/quickadsense.com\/ -->\n<div style=\"float: none; margin:10px 0 10px 0; text-align:center;\">\n<!--leonative-->\r\n<!-- 5x1 -->\r\n<div id='div-gpt-ad-5x1-0' class='div-gpt-ad div-gpt-ad-inread'>\r\n<script type='text\/javascript'>\r\ngoogletag.cmd.push(function() { googletag.display('div-gpt-ad-5x1-0'); });\r\n<\/script>\r\n<\/div>\n<\/div>\n<p style=\"text-align: center;\"><a href=\"http:\/\/www.vendiauto.com\/blog\/wp-content\/uploads\/2010\/12\/11111111111111111111111111111111.bmp\"><img loading=\"lazy\" class=\"aligncenter size-full wp-image-986\" style=\"border: 1px solid black;\" src=\"http:\/\/www.vendiauto.com\/blog\/wp-content\/uploads\/2010\/12\/11111111111111111111111111111111.bmp\" alt=\"\" width=\"540\" height=\"395\" \/><\/a><\/p>\n<p>Il presidente Ferrari, Luca Cordero di Montezemolo, in un\u2019intervista rilasciata alla testata francese l\u2019Equipe, avrebbe confermato che al prossimo Salone di Ginevra la casa del cavallino rampante porter\u00e0 un modello diverso da tutta la produzione attuale.<\/p>\n<p><!--more--><\/p>\n<p>Difatti il presidente ha affermato che si tratter\u00e0 di una \u201cFerrari diversa ed adatta alle nuove esigenza della clientela\u201d. Poche parole, ma di grande importanza e che suscitano molta curiosit\u00e0: che cosa vorr\u00e0 dire Montezemolo con modello diverso? Che cosa vorr\u00e0 intendere con adatta alle nuove esigenze?<\/p>\n<p>Le supposizioni si sprecano: c\u2019\u00e8 chi pensa all\u2019utilizzo del sistema di recupero dell\u2019energia, il kers, c\u2019\u00e8 chi ipotizza una Ferrari con la trazione integrale e c\u2019\u00e8 chi crede ad una Ferrari ibrida dotata anche di un motore elettrico.<\/p>\n<p>Ma se studiamo bene le dichiarazioni di Montezemolo, che parla di una Ferrari diversa ed adatta alle nuove esigenze della clientela, e le incastriamo con i nuovi modelli Ferrari che vedranno la luce nei prossimi anni, possiamo azzardare un\u2019ipotesi: vuoi vedere che la nuova Ferrari \u201cdiversa\u201d non sar\u00e0 altro che la nuova 612 Scaglietti (arrivata ormai a fine carriera) con una carrozzeria per l\u2019appunto diversa e con una configurazione in stile shooting brake? Un po\u2019 come il misterioso\u00a0 muletto Ferrari fotografato qualche tempo fa che presentava numerose cammuffature proprio nella zona dell\u2019abitacolo, del tetto e soprattutto della coda? Questa potrebbe essere una soluzione veritiera, in quanto Ferrari potrebbe creare un\u2019auto con la stessa impostazione della Scaglietti (motore anteriore, cofano lungo, abitacolo arretrato per quattro persone e un discreto bagagliaio), ma con un occhio di riguardo a nuove esigenze di molti clienti in termini di spaziosit\u00e0, abitabilit\u00e0, praticit\u00e0 e perch\u00e9 no anche di un bagagliaio di dimensioni maggiori.<\/p>\n<p>Non resta che aspettare qualche altra indicazione su questo nuovo modello per vedere se siamo sulla strada giusta oppure no: voi cosa\u00a0 pensate si possa celare dietro l\u2019aggettivo \u201cdiversa\u201d utilizzato da Montezemolo? In attesa del Salone di Ginevra 2011, il dibattito \u00e8 aperto\u2026<\/p>\n\n<div style=\"font-size: 0px; height: 0px; line-height: 0px; margin: 0; padding: 0; clear: both;\"><\/div><!-- Begin Yuzo --><div class='yuzo_related_post style-1'  data-version='5.12.88'><!-- without result --><div class='yuzo_clearfixed yuzo__title yuzo__title'><h2>Potrebbe anche Interessarti <\/h2><\/div>\n\t\t\t\t\t\t  <div class=\"relatedthumb \" style=\"width:125px;float:left;overflow:hidden;\">  \n\t\t\t\t\t\t\t  \n\t\t\t\t\t\t\t  <a  href=\"https:\/\/vendiauto.com\/blog\/consegnata-in-italia-la-prima-opel-ampera-2012\"  >\n\t\t\t\t\t\t\t\t\t  <div class=\"yuzo-img-wrap \" style=\"width: 125px;height:90px;\">\n\t\t\t\t\t\t\t\t\t\t\n\t\t\t\t\t\t\t\t\t\t<div class=\"yuzo-img\" style=\"background:url('https:\/\/vendiauto.com\/blog\/wp-content\/uploads\/2012\/03\/opel-ampera-consegnata-la-prima-opel-ampera-in-italia-a-leaseplan-270534-150x150.jpg') 50% 50% no-repeat;width: 125px;height:90px;margin-bottom: 5px;background-size: cover; \"><\/div>\n\t\t\t\t\t\t\t\t\t  <\/div>\n\t\t\t\t\t\t\t\t\t  \n\t\t\t\t\t\t\t\t   <span class=\"yuzo__text--title\" style=\"font-size:13px;\">Consegnata in Italia la prima Opel AMPERA<\/span>\n\t\t\t\t\t\t\t  \n\t\t\t\t\t\t\t  \n\t\t\t\t\t\t\t  <\/a>\n\n\t\t\t\t\t\t  <\/div>\n\t\t\t\t\t\t  <div class=\"relatedthumb \" style=\"width:125px;float:left;overflow:hidden;\">  \n\t\t\t\t\t\t\t  \n\t\t\t\t\t\t\t  <a  href=\"https:\/\/vendiauto.com\/blog\/mercedes-benz-classe-a-il-primo-battito-di-una-nuova-rivoluzione-2012\"  >\n\t\t\t\t\t\t\t\t\t  <div class=\"yuzo-img-wrap \" style=\"width: 125px;height:90px;\">\n\t\t\t\t\t\t\t\t\t\t\n\t\t\t\t\t\t\t\t\t\t<div class=\"yuzo-img\" style=\"background:url('https:\/\/vendiauto.com\/blog\/wp-content\/uploads\/2012\/07\/mercedes-benz-classe-a-il-primo-battito-di-una-nuova-rivoluzione-12c79-099-1-150x150.jpg') 50% 50% no-repeat;width: 125px;height:90px;margin-bottom: 5px;background-size: cover; \"><\/div>\n\t\t\t\t\t\t\t\t\t  <\/div>\n\t\t\t\t\t\t\t\t\t  \n\t\t\t\t\t\t\t\t   <span class=\"yuzo__text--title\" style=\"font-size:13px;\">Mercedes-Benz Classe A: il primo battito di una nu...<\/span>\n\t\t\t\t\t\t\t  \n\t\t\t\t\t\t\t  \n\t\t\t\t\t\t\t  <\/a>\n\n\t\t\t\t\t\t  <\/div>\n\t\t\t\t\t\t  <div class=\"relatedthumb \" style=\"width:125px;float:left;overflow:hidden;\">  \n\t\t\t\t\t\t\t  \n\t\t\t\t\t\t\t  <a  href=\"https:\/\/vendiauto.com\/blog\/ferrari-348-2010\"  >\n\t\t\t\t\t\t\t\t\t  <div class=\"yuzo-img-wrap \" style=\"width: 125px;height:90px;\">\n\t\t\t\t\t\t\t\t\t\t\n\t\t\t\t\t\t\t\t\t\t<div class=\"yuzo-img\" style=\"background:url('https:\/\/vendiauto.com\/blog\/wp-content\/uploads\/2010\/05\/FERRARI_348_TS-150x150.jpg') 50% 50% no-repeat;width: 125px;height:90px;margin-bottom: 5px;background-size: cover; \"><\/div>\n\t\t\t\t\t\t\t\t\t  <\/div>\n\t\t\t\t\t\t\t\t\t  \n\t\t\t\t\t\t\t\t   <span class=\"yuzo__text--title\" style=\"font-size:13px;\">Ferrari 348<\/span>\n\t\t\t\t\t\t\t  \n\t\t\t\t\t\t\t  \n\t\t\t\t\t\t\t  <\/a>\n\n\t\t\t\t\t\t  <\/div>\n\t\t\t\t\t\t  <div class=\"relatedthumb \" style=\"width:125px;float:left;overflow:hidden;\">  \n\t\t\t\t\t\t\t  \n\t\t\t\t\t\t\t  <a  href=\"https:\/\/vendiauto.com\/blog\/fiat-500-sfiziosa-e-facile-2016\"  >\n\t\t\t\t\t\t\t\t\t  <div class=\"yuzo-img-wrap \" style=\"width: 125px;height:90px;\">\n\t\t\t\t\t\t\t\t\t\t\n\t\t\t\t\t\t\t\t\t\t<div class=\"yuzo-img\" style=\"background:url('https:\/\/vendiauto.com\/blog\/wp-content\/uploads\/2016\/07\/fiat-500-restyling-150x150.jpg') 50% 50% no-repeat;width: 125px;height:90px;margin-bottom: 5px;background-size: cover; \"><\/div>\n\t\t\t\t\t\t\t\t\t  <\/div>\n\t\t\t\t\t\t\t\t\t  \n\t\t\t\t\t\t\t\t   <span class=\"yuzo__text--title\" style=\"font-size:13px;\">FIAT 500: sfiziosa e facile da guidare<\/span>\n\t\t\t\t\t\t\t  \n\t\t\t\t\t\t\t  \n\t\t\t\t\t\t\t  <\/a>\n\n\t\t\t\t\t\t  <\/div>\n<\/div> <script>\n\t\t\t\t\t\t  jQuery(document).ready(function( $ ){\n\t\t\t\t\t\t\t\/\/jQuery('.yuzo_related_post').equalizer({ overflow : 'relatedthumb' });\n\t\t\t\t\t\t\tjQuery('.yuzo_related_post .yuzo_wraps').equalizer({ columns : '> div' });\n\t\t\t\t\t\t   })\n\t\t\t\t\t\t  <\/script> <!-- End Yuzo :) -->","protected":false},"excerpt":{"rendered":"<p>Il presidente Ferrari, Luca Cordero di Montezemolo, in un\u2019intervista rilasciata alla testata francese l\u2019Equipe, avrebbe confermato che al prossimo Salone di Ginevra la casa del cavallino rampante porter\u00e0 un modello diverso da tutta la produzione attuale. Potrebbe anche Interessarti Prima immagine camuffata della nuova Ferrari! Nuova Lancia Delta my 2011 Nuova Ford Mustang 2015: nuovi [&hellip;]<\/p>\n","protected":false},"author":3,"featured_media":0,"comment_status":"open","ping_status":"open","sticky":false,"template":"","format":"standard","meta":[],"categories":[2110],"tags":[58,230,229],"_links":{"self":[{"href":"https:\/\/vendiauto.com\/blog\/wp-json\/wp\/v2\/posts\/985"}],"collection":[{"href":"https:\/\/vendiauto.com\/blog\/wp-json\/wp\/v2\/posts"}],"about":[{"href":"https:\/\/vendiauto.com\/blog\/wp-json\/wp\/v2\/types\/post"}],"author":[{"embeddable":true,"href":"https:\/\/vendiauto.com\/blog\/wp-json\/wp\/v2\/users\/3"}],"replies":[{"embeddable":true,"href":"https:\/\/vendiauto.com\/blog\/wp-json\/wp\/v2\/comments?post=985"}],"version-history":[{"count":1,"href":"https:\/\/vendiauto.com\/blog\/wp-json\/wp\/v2\/posts\/985\/revisions"}],"predecessor-version":[{"id":12656,"href":"https:\/\/vendiauto.com\/blog\/wp-json\/wp\/v2\/posts\/985\/revisions\/12656"}],"wp:attachment":[{"href":"https:\/\/vendiauto.com\/blog\/wp-json\/wp\/v2\/media?parent=985"}],"wp:term":[{"taxonomy":"category","embeddable":true,"href":"https:\/\/vendiauto.com\/blog\/wp-json\/wp\/v2\/categories?post=985"},{"taxonomy":"post_tag","embeddable":true,"href":"https:\/\/vendiauto.com\/blog\/wp-json\/wp\/v2\/tags?post=985"}],"curies":[{"name":"wp","href":"https:\/\/api.w.org\/{rel}","templated":true}]}}